{"id":317,"date":"2023-05-31T12:31:59","date_gmt":"2023-05-31T10:31:59","guid":{"rendered":"https:\/\/blog.merco.info\/?p=317"},"modified":"2023-05-31T12:41:46","modified_gmt":"2023-05-31T10:41:46","slug":"la-mujer-en-la-alta-direccion-una-asignatura-pendiente-para-las-empresas","status":"publish","type":"post","link":"https:\/\/blog.merco.info\/index.php\/2023\/05\/31\/la-mujer-en-la-alta-direccion-una-asignatura-pendiente-para-las-empresas\/","title":{"rendered":"La mujer en la alta direcci\u00f3n, una asignatura pendiente para las empresas"},"content":{"rendered":"\n<p class=\"has-drop-cap\">Debemos de ser conscientes de que el mundo laboral se encuentra en medio de una vor\u00e1gine en el que se han llevado a cabo multitud de avances en lo relativo a la ESG. Y si nos centramos en analizar lo relativo a la <strong>diversidad, la equidad y la inclusi\u00f3n<\/strong>, tanto la sociedad como algunos sectores de la esfera empresarial est\u00e1n demandado un papel m\u00e1s protag\u00f3nico de la mujer dentro de las organizaciones.<\/p>\n\n\n\n<p>En este sentido, con la finalidad de seguir avanzando para conseguir un entorno laboral m\u00e1s igualitario, es necesario conocer datos como los que aportaron la \u00faltima edici\u00f3n de <strong>Merco Talento Espa\u00f1a<\/strong>, que reflejan un <strong>d\u00e9ficit de dos puntos<\/strong> (-2,0) en el saldo de fortalezas frente a debilidades en lo que afecta a c\u00f3mo perciben los trabajadores de las grandes empresas <strong>la igualdad y la diversidad <\/strong>en las organizaciones en las que colaboran.<\/p>\n\n\n\n<p>Si bien es cierto que<strong> hay una disminuci\u00f3n <\/strong>en relaci\u00f3n con lo que ocurr\u00eda en 2019 (-2,7), <strong>sigue siendo una cifra negativa desde la perspectiva de los empleados<\/strong>. Adem\u00e1s, seg\u00fan <strong>Merco Responsabilidad ESG Espa\u00f1a 2022<\/strong>, el porcentaje de mujeres en plantilla <strong>pas\u00f3 de un 46,20 en 2021 a 44,96 en 2022.<\/strong> Una bajada que tambi\u00e9n se observa en <strong>el porcentaje de mujeres directivas, que baja del 31,91% al 31,78%<\/strong>.<\/p>\n\n\n\n<p>El \u00fanico dato positivo es el ascenso que se aprecia en <strong>el n\u00famero de mujeres en los consejos de administraci\u00f3n, pasando de un 29,63% a un 31,08%<\/strong>, que, sin embargo,<strong> se queda todav\u00eda muy lejos del 40% al que obligaba el&nbsp;Anteproyecto de Ley Org\u00e1nica de Representaci\u00f3n Paritaria <\/strong>que fue anunciado por el Ejecutivo el pasado mes de marzo y que justo hace unos d\u00edas el Consejo de Ministros hab\u00eda remitido al Congreso para su tramitaci\u00f3n. Una tramitaci\u00f3n que queda en el aire tras el adelanto electoral anunciado por Pedro S\u00e1nchez.<\/p>\n\n\n\n<p>Se est\u00e1n dando grandes pasos hacia la igualdad de g\u00e9nero en las empresas, pero no cabe duda de que para conseguir este progreso es necesaria <strong>la implementaci\u00f3n de pol\u00edticas p\u00fablicas que amparen un entorno laboral igualitario y el compromiso de una sociedad <\/strong>que busque romper ese techo de cristal que separa a las mujeres de los \u00f3rganos de decisi\u00f3n.<\/p>\n","protected":false},"excerpt":{"rendered":"<p>Debemos de ser conscientes de que el mundo laboral se encuentra en medio de una vor\u00e1gine en el que se han llevado a cabo multitud<\/p>\n","protected":false},"author":2,"featured_media":322,"comment_status":"closed","ping_status":"closed","sticky":false,"template":"","format":"standard","meta":{"_uag_custom_page_level_css":"","footnotes":""},"categories":[26],"tags":[],"uagb_featured_image_src":{"full":["https:\/\/blog.merco.info\/wp-content\/uploads\/2023\/05\/linkedin-sales-solutions-qbDiSp5IqxA-unsplash-scaled.jpg",2560,1707,false],"thumbnail":["https:\/\/blog.merco.info\/wp-content\/uploads\/2023\/05\/linkedin-sales-solutions-qbDiSp5IqxA-unsplash-150x150.jpg",150,150,true],"medium":["https:\/\/blog.merco.info\/wp-content\/uploads\/2023\/05\/linkedin-sales-solutions-qbDiSp5IqxA-unsplash-300x200.jpg",300,200,true],"medium_large":["https:\/\/blog.merco.info\/wp-content\/uploads\/2023\/05\/linkedin-sales-solutions-qbDiSp5IqxA-unsplash-768x512.jpg",640,427,true],"large":["https:\/\/blog.merco.info\/wp-content\/uploads\/2023\/05\/linkedin-sales-solutions-qbDiSp5IqxA-unsplash-1024x683.jpg",640,427,true],"1536x1536":["https:\/\/blog.merco.info\/wp-content\/uploads\/2023\/05\/linkedin-sales-solutions-qbDiSp5IqxA-unsplash-1536x1024.jpg",1536,1024,true],"2048x2048":["https:\/\/blog.merco.info\/wp-content\/uploads\/2023\/05\/linkedin-sales-solutions-qbDiSp5IqxA-unsplash-scaled.jpg",2048,1366,false],"fairy-large":["https:\/\/blog.merco.info\/wp-content\/uploads\/2023\/05\/linkedin-sales-solutions-qbDiSp5IqxA-unsplash-scaled.jpg",909,606,false],"fairy-medium":["https:\/\/blog.merco.info\/wp-content\/uploads\/2023\/05\/linkedin-sales-solutions-qbDiSp5IqxA-unsplash-scaled.jpg",800,533,false]},"uagb_author_info":{"display_name":"Merco","author_link":"https:\/\/blog.merco.info\/index.php\/author\/merco\/"},"uagb_comment_info":0,"uagb_excerpt":"Debemos de ser conscientes de que el mundo laboral se encuentra en medio de una vor\u00e1gine en el que se han llevado a cabo multitud","_links":{"self":[{"href":"https:\/\/blog.merco.info\/index.php\/wp-json\/wp\/v2\/posts\/317"}],"collection":[{"href":"https:\/\/blog.merco.info\/index.php\/wp-json\/wp\/v2\/posts"}],"about":[{"href":"https:\/\/blog.merco.info\/index.php\/wp-json\/wp\/v2\/types\/post"}],"author":[{"embeddable":true,"href":"https:\/\/blog.merco.info\/index.php\/wp-json\/wp\/v2\/users\/2"}],"replies":[{"embeddable":true,"href":"https:\/\/blog.merco.info\/index.php\/wp-json\/wp\/v2\/comments?post=317"}],"version-history":[{"count":3,"href":"https:\/\/blog.merco.info\/index.php\/wp-json\/wp\/v2\/posts\/317\/revisions"}],"predecessor-version":[{"id":325,"href":"https:\/\/blog.merco.info\/index.php\/wp-json\/wp\/v2\/posts\/317\/revisions\/325"}],"wp:featuredmedia":[{"embeddable":true,"href":"https:\/\/blog.merco.info\/index.php\/wp-json\/wp\/v2\/media\/322"}],"wp:attachment":[{"href":"https:\/\/blog.merco.info\/index.php\/wp-json\/wp\/v2\/media?parent=317"}],"wp:term":[{"taxonomy":"category","embeddable":true,"href":"https:\/\/blog.merco.info\/index.php\/wp-json\/wp\/v2\/categories?post=317"},{"taxonomy":"post_tag","embeddable":true,"href":"https:\/\/blog.merco.info\/index.php\/wp-json\/wp\/v2\/tags?post=317"}],"curies":[{"name":"wp","href":"https:\/\/api.w.org\/{rel}","templated":true}]}}