{"id":267,"date":"2023-03-27T10:35:10","date_gmt":"2023-03-27T08:35:10","guid":{"rendered":"https:\/\/blog.merco.info\/?p=267"},"modified":"2023-05-03T13:38:13","modified_gmt":"2023-05-03T11:38:13","slug":"el-perfil-reputacional-de-las-empresas-y-lideres-en-brasil","status":"publish","type":"post","link":"https:\/\/blog.merco.info\/index.php\/2023\/03\/27\/el-perfil-reputacional-de-las-empresas-y-lideres-en-brasil\/","title":{"rendered":"El perfil reputacional de las empresas y l\u00edderes en Brasil"},"content":{"rendered":"\n<p class=\"has-drop-cap\">\u00bfCu\u00e1l es la realidad de las empresas y l\u00edderes brasile\u00f1os? Tras la pandemia, seg\u00fan datos extra\u00eddos de la reciente presentaci\u00f3n de <strong>Merco Empresas y L\u00edderes Brasil 2022<\/strong>, que vieron la luz el pasado 9 de marzo, las empresas brasile\u00f1as han mejorado sus resultados con respecto a la calidad de <strong>la oferta comercial, que pasa a tener mayor puntuaci\u00f3n pasando de 9,6% a 18,4%<\/strong> en la edici\u00f3n de 2022, y en el terreno econ\u00f3mico y financiero (17,3%). Por otro lado, el perfil de los l\u00edderes ha sido muy bien valorado por los expertos en las materias de <strong>visi\u00f3n estrat\u00e9gica<\/strong> <strong>y cumplimiento de los objetivos<\/strong> (21,4%) y <strong>el talento<\/strong> (9,8%).<\/p>\n\n\n\n<p>En palabras de Jos\u00e9 Mar\u00eda San Segundo, CEO de Merco, se espera que en estas nuevas etapas las empresas <em>\u201csepan manejar bien el barco, porque en el mundo empresarial siempre se presentan dificultades\u201d<\/em>.<\/p>\n\n\n\n<p>Un nuevo a\u00f1o, <strong>Natura<\/strong>, compa\u00f1\u00eda l\u00edder en productos de belleza y cuidado personal, ha conseguido revalidar la primera posici\u00f3n del monitor, la evaluaci\u00f3n reputacional m\u00e1s completa del mundo y la l\u00edder absoluta de Latinoam\u00e9rica . <strong>Ambev<\/strong> por su parte repite como segunda en el ranking, puesto que defiende desde el 2018. En la tercera posici\u00f3n se encuentra <strong>Ita\u00fa Unibanco <\/strong>que ha tenido una mejora de cinco puestos con respecto a los resultados publicados en la edici\u00f3n de 2021.<\/p>\n\n\n\n<p>En cuanto al monitor de L\u00edderes, <strong>Luiza Helena Trajano<\/strong>, CEO de la empresa de electrodom\u00e9sticos y electr\u00f3nica <strong>Magazine Luiza<\/strong>, sigue ocupando desde hace seis a\u00f1os la primera posici\u00f3n en el ranking de l\u00edderes. En el top tres de esta clasificaci\u00f3n reputacional, tambi\u00e9n se encuentra <strong>F\u00e1bio Coelho<\/strong>, director ejecutivo de <strong>Google<\/strong>, ocupando la tercera posici\u00f3n en el a\u00f1o 2021. Y en tercer lugar del ranking <strong>F\u00e1bio Barbosa<\/strong>, CEO de <strong>Natura<\/strong>, que sube cinco posiciones en comparaci\u00f3n al ranking del a\u00f1o pasado.<\/p>\n\n\n\n<p>Se trata del <strong>valor estable de la reputaci\u00f3n<\/strong>, que se genera poco a poco, a largo plazo. Y de ah\u00ed que los crecimientos en el liderazgo tiendan a la <strong>estabilidad en los primeros puestos<\/strong>.<\/p>\n\n\n\n<p>Entre las principales <strong>novedades metodol\u00f3gicas<\/strong> de esta edici\u00f3n encontramos que se ha querido profundizar la valoraci\u00f3n de los miembros del Gobierno y para ello se ha desagregado en dos variables concretas el compromiso de las empresas con la comunidad, el entorno y el medio ambiente. Tambi\u00e9n ha habido una variaci\u00f3n con respecto a los Catedr\u00e1ticos porque ha sido a\u00f1adida la variable marca empleadora.<\/p>\n\n\n\n<p>La novena edici\u00f3n de Merco Empresas y L\u00edderes Brasil ha vuelto a situar el monitor como el m\u00e1s completo y confiable del pa\u00eds, el \u00fanico auditado externamente, que constituye una poderosa herramienta de gesti\u00f3n de la Reputaci\u00f3n. El acceso a la metodolog\u00eda completa y a los rankings est\u00e1 disponible en: www.merco.info\/br<\/p>\n","protected":false},"excerpt":{"rendered":"<p>\u00bfCu\u00e1l es la realidad de las empresas y l\u00edderes brasile\u00f1os? Tras la pandemia, seg\u00fan datos extra\u00eddos de la reciente presentaci\u00f3n de Merco Empresas y L\u00edderes<\/p>\n","protected":false},"author":2,"featured_media":268,"comment_status":"open","ping_status":"open","sticky":false,"template":"","format":"standard","meta":{"_uag_custom_page_level_css":"","footnotes":""},"categories":[6],"tags":[],"uagb_featured_image_src":{"full":["https:\/\/blog.merco.info\/wp-content\/uploads\/2023\/03\/brasilia-91416_1920-1.jpg",1920,1080,false],"thumbnail":["https:\/\/blog.merco.info\/wp-content\/uploads\/2023\/03\/brasilia-91416_1920-1-150x150.jpg",150,150,true],"medium":["https:\/\/blog.merco.info\/wp-content\/uploads\/2023\/03\/brasilia-91416_1920-1-300x169.jpg",300,169,true],"medium_large":["https:\/\/blog.merco.info\/wp-content\/uploads\/2023\/03\/brasilia-91416_1920-1-768x432.jpg",640,360,true],"large":["https:\/\/blog.merco.info\/wp-content\/uploads\/2023\/03\/brasilia-91416_1920-1-1024x576.jpg",640,360,true],"1536x1536":["https:\/\/blog.merco.info\/wp-content\/uploads\/2023\/03\/brasilia-91416_1920-1-1536x864.jpg",1536,864,true],"2048x2048":["https:\/\/blog.merco.info\/wp-content\/uploads\/2023\/03\/brasilia-91416_1920-1.jpg",1920,1080,false],"fairy-large":["https:\/\/blog.merco.info\/wp-content\/uploads\/2023\/03\/brasilia-91416_1920-1.jpg",1077,606,false],"fairy-medium":["https:\/\/blog.merco.info\/wp-content\/uploads\/2023\/03\/brasilia-91416_1920-1.jpg",800,450,false]},"uagb_author_info":{"display_name":"Merco","author_link":"https:\/\/blog.merco.info\/index.php\/author\/merco\/"},"uagb_comment_info":0,"uagb_excerpt":"\u00bfCu\u00e1l es la realidad de las empresas y l\u00edderes brasile\u00f1os? Tras la pandemia, seg\u00fan datos extra\u00eddos de la reciente presentaci\u00f3n de Merco Empresas y L\u00edderes","_links":{"self":[{"href":"https:\/\/blog.merco.info\/index.php\/wp-json\/wp\/v2\/posts\/267"}],"collection":[{"href":"https:\/\/blog.merco.info\/index.php\/wp-json\/wp\/v2\/posts"}],"about":[{"href":"https:\/\/blog.merco.info\/index.php\/wp-json\/wp\/v2\/types\/post"}],"author":[{"embeddable":true,"href":"https:\/\/blog.merco.info\/index.php\/wp-json\/wp\/v2\/users\/2"}],"replies":[{"embeddable":true,"href":"https:\/\/blog.merco.info\/index.php\/wp-json\/wp\/v2\/comments?post=267"}],"version-history":[{"count":3,"href":"https:\/\/blog.merco.info\/index.php\/wp-json\/wp\/v2\/posts\/267\/revisions"}],"predecessor-version":[{"id":303,"href":"https:\/\/blog.merco.info\/index.php\/wp-json\/wp\/v2\/posts\/267\/revisions\/303"}],"wp:featuredmedia":[{"embeddable":true,"href":"https:\/\/blog.merco.info\/index.php\/wp-json\/wp\/v2\/media\/268"}],"wp:attachment":[{"href":"https:\/\/blog.merco.info\/index.php\/wp-json\/wp\/v2\/media?parent=267"}],"wp:term":[{"taxonomy":"category","embeddable":true,"href":"https:\/\/blog.merco.info\/index.php\/wp-json\/wp\/v2\/categories?post=267"},{"taxonomy":"post_tag","embeddable":true,"href":"https:\/\/blog.merco.info\/index.php\/wp-json\/wp\/v2\/tags?post=267"}],"curies":[{"name":"wp","href":"https:\/\/api.w.org\/{rel}","templated":true}]}}